{"id":688,"date":"2025-09-28T14:46:23","date_gmt":"2025-09-28T11:46:23","guid":{"rendered":"https:\/\/senadurulaw.com\/?p=688"},"modified":"2025-09-28T14:46:23","modified_gmt":"2025-09-28T11:46:23","slug":"gpdr-kvkk-karsilastirmasi","status":"publish","type":"post","link":"https:\/\/senadurulaw.com\/en\/gpdr-kvkk-karsilastirmasi\/","title":{"rendered":"GPDR KVKK Kar\u015f\u0131la\u015ft\u0131rmas\u0131"},"content":{"rendered":"<p>Ki\u015fisel Verilerin Korunmas\u0131 Kanunu ile GPDR ayn\u0131 san\u0131lsa dahi arada belli farkl\u0131l\u0131klar vard\u0131r. Bu y\u00fczden aradaki farklar\u0131 anlamak ad\u0131na GPDR KVKK Kar\u015f\u0131la\u015ft\u0131rmas\u0131 yapmak en do\u011fru se\u00e7enektir.<\/p>\n<p>Ki\u015fisel verilerin korunmas\u0131, g\u00fcn\u00fcm\u00fcz dijital \u00e7a\u011f\u0131nda hem bireyler hem de kurumlar i\u00e7in hayati bir konudur. \u0130nternet kullan\u0131m\u0131n\u0131n artmas\u0131, b\u00fcy\u00fck veri analizleri, yapay zek\u00e2 uygulamalar\u0131 ve e-ticaret gibi alanlar\u0131n geli\u015fmesiyle birlikte ki\u015fisel verilerin g\u00fcvenli\u011fi daha da kritik hale gelmi\u015ftir. Bu ba\u011flamda, Avrupa Birli\u011fi\u2019nin Genel Veri Koruma T\u00fcz\u00fc\u011f\u00fc (GDPR) ve T\u00fcrkiye\u2019deki Ki\u015fisel Verilerin Korunmas\u0131 Kanunu (KVKK), veri koruma standartlar\u0131n\u0131 belirleyen en \u00f6nemli yasal d\u00fczenlemelerdendir.<\/p>\n<h2 data-start=\"872\" data-end=\"886\">GDPR Nedir?<\/h2>\n<p data-start=\"888\" data-end=\"1329\">GDPR (<strong data-start=\"894\" data-end=\"932\">General Data Protection Regulation<\/strong>), 25 May\u0131s 2018\u2019de y\u00fcr\u00fcrl\u00fc\u011fe giren ve Avrupa Birli\u011fi (AB) genelinde ki\u015fisel verilerin korunmas\u0131n\u0131 ama\u00e7layan bir d\u00fczenlemedir.<br data-start=\"1058\" data-end=\"1061\" \/>GDPR, yaln\u0131zca AB i\u00e7indeki \u015firketleri de\u011fil, AB vatanda\u015flar\u0131n\u0131n verilerini i\u015fleyen d\u00fcnya \u00e7ap\u0131ndaki t\u00fcm kurumlar\u0131 kapsar. \u00d6rne\u011fin T\u00fcrkiye\u2019de faaliyet g\u00f6steren bir e-ticaret sitesi, AB vatanda\u015f\u0131 bir m\u00fc\u015fterinin ki\u015fisel verilerini i\u015fliyorsa GDPR\u2019a uyumlu olmak zorundad\u0131r.<\/p>\n<p data-start=\"1331\" data-end=\"1366\">GDPR\u2019\u0131n ba\u015fl\u0131ca ama\u00e7lar\u0131 \u015funlard\u0131r:<\/p>\n<ul data-start=\"1368\" data-end=\"1690\">\n<li data-start=\"1368\" data-end=\"1448\">\n<p data-start=\"1370\" data-end=\"1448\">Ki\u015fisel verilerin i\u015flenmesinde <strong data-start=\"1401\" data-end=\"1436\">\u015feffafl\u0131k ve hesap verebilirlik<\/strong> sa\u011flamak,<\/p>\n<\/li>\n<li data-start=\"1449\" data-end=\"1555\">\n<p data-start=\"1451\" data-end=\"1555\">Bireylerin verileri \u00fczerindeki <strong data-start=\"1482\" data-end=\"1508\">haklar\u0131n\u0131 g\u00fc\u00e7lendirmek<\/strong> (\u00f6rne\u011fin silme hakk\u0131, ta\u015f\u0131nabilirlik hakk\u0131),<\/p>\n<\/li>\n<li data-start=\"1556\" data-end=\"1690\">\n<p data-start=\"1558\" data-end=\"1690\">Kurumlara <strong data-start=\"1568\" data-end=\"1598\">veri g\u00fcvenli\u011fi sorumlulu\u011fu<\/strong> y\u00fcklemek ve ihlallerde ciddi para cezalar\u0131 uygulamak (\u00f6rne\u011fin y\u0131ll\u0131k cironun %4\u2019\u00fcne kadar).<\/p>\n<\/li>\n<\/ul>\n<p data-start=\"1692\" data-end=\"1833\">GDPR; a\u00e7\u0131k r\u0131za, me\u015fru menfaat, s\u00f6zle\u015fme gere\u011fi veri i\u015fleme gibi yasal dayanaklar tan\u0131mlar ve veri sorumlular\u0131na ciddi y\u00fck\u00fcml\u00fcl\u00fckler getirir.<\/p>\n<h2 data-start=\"1840\" data-end=\"1854\">KVKK Nedir?<\/h2>\n<p data-start=\"1856\" data-end=\"2054\">KVKK (<strong data-start=\"1862\" data-end=\"1900\">Ki\u015fisel Verilerin Korunmas\u0131 Kanunu<\/strong>), T\u00fcrkiye\u2019de 7 Nisan 2016 tarihinde y\u00fcr\u00fcrl\u00fc\u011fe girmi\u015ftir. Avrupa Birli\u011fi mevzuat\u0131na uyum amac\u0131yla haz\u0131rlanm\u0131\u015f olsa da, GDPR\u2019dan baz\u0131 noktalarda ayr\u0131l\u0131r.<\/p>\n<p data-start=\"2056\" data-end=\"2077\">KVKK\u2019n\u0131n temel amac\u0131:<\/p>\n<ul data-start=\"2079\" data-end=\"2247\">\n<li data-start=\"2079\" data-end=\"2124\">\n<p data-start=\"2081\" data-end=\"2124\">Ki\u015fisel verilerin i\u015flenmesini d\u00fczenlemek,<\/p>\n<\/li>\n<li data-start=\"2125\" data-end=\"2175\">\n<p data-start=\"2127\" data-end=\"2175\">Bireylerin \u00f6zel hayat\u0131n\u0131n gizlili\u011fini korumak,<\/p>\n<\/li>\n<li data-start=\"2176\" data-end=\"2247\">\n<p data-start=\"2178\" data-end=\"2247\">Verileri i\u015fleyen ger\u00e7ek ve t\u00fczel ki\u015filere <strong data-start=\"2220\" data-end=\"2246\">sorumluluklar y\u00fcklemek<\/strong>.<\/p>\n<\/li>\n<\/ul>\n<p data-start=\"2249\" data-end=\"2430\">KVKK, T\u00fcrkiye\u2019deki ger\u00e7ek veya t\u00fczel ki\u015filer i\u00e7in ge\u00e7erlidir. Ayr\u0131ca T\u00fcrkiye d\u0131\u015f\u0131nda olup T\u00fcrkiye\u2019de ya\u015fayan ki\u015filerin verilerini i\u015fleyen kurulu\u015flar da bu kanun kapsam\u0131na girebilir.<\/p>\n<h2 data-start=\"2437\" data-end=\"2474\">GPDR KVKK Kar\u015f\u0131la\u015ft\u0131rmas\u0131<\/h2>\n<p data-start=\"2476\" data-end=\"2567\">A\u015fa\u011f\u0131daki tablo, iki d\u00fczenleme aras\u0131ndaki temel benzerlik ve farkl\u0131l\u0131klar\u0131 a\u00e7\u0131k\u00e7a g\u00f6sterir:<\/p>\n<div class=\"_tableContainer_1rjym_1\">\n<div class=\"group _tableWrapper_1rjym_13 flex w-fit flex-col-reverse\" tabindex=\"-1\">\n<table class=\"w-fit min-w-(--thread-content-width)\" data-start=\"2569\" data-end=\"4352\">\n<thead data-start=\"2569\" data-end=\"2599\">\n<tr data-start=\"2569\" data-end=\"2599\">\n<th data-start=\"2569\" data-end=\"2584\" data-col-size=\"sm\">Konu Ba\u015fl\u0131\u011f\u0131<\/th>\n<th data-start=\"2584\" data-end=\"2591\" data-col-size=\"md\">GDPR<\/th>\n<th data-start=\"2591\" data-end=\"2599\" data-col-size=\"lg\">KVKK<\/th>\n<\/tr>\n<\/thead>\n<tbody data-start=\"2631\" data-end=\"4352\">\n<tr data-start=\"2631\" data-end=\"2837\">\n<td data-start=\"2631\" data-end=\"2644\" data-col-size=\"sm\"><strong data-start=\"2633\" data-end=\"2643\">Kapsam<\/strong><\/td>\n<td data-start=\"2644\" data-end=\"2742\" data-col-size=\"md\">AB \u00fcyesi \u00fclkelerde ya\u015fayan ki\u015filerin verilerini i\u015fleyen t\u00fcm kurulu\u015flar (k\u00fcresel etkisi vard\u0131r).<\/td>\n<td data-start=\"2742\" data-end=\"2837\" data-col-size=\"lg\">T\u00fcrkiye\u2019de faaliyet g\u00f6steren veya T\u00fcrkiye\u2019deki ki\u015filerin verilerini i\u015fleyen t\u00fcm kurulu\u015flar.<\/td>\n<\/tr>\n<tr data-start=\"2838\" data-end=\"2892\">\n<td data-start=\"2838\" data-end=\"2860\" data-col-size=\"sm\"><strong data-start=\"2840\" data-end=\"2859\">Y\u00fcr\u00fcrl\u00fck Tarihi<\/strong><\/td>\n<td data-start=\"2860\" data-end=\"2876\" data-col-size=\"md\">25 May\u0131s 2018<\/td>\n<td data-start=\"2876\" data-end=\"2892\" data-col-size=\"lg\">7 Nisan 2016<\/td>\n<\/tr>\n<tr data-start=\"2893\" data-end=\"3015\">\n<td data-start=\"2893\" data-end=\"2921\" data-col-size=\"sm\"><strong data-start=\"2895\" data-end=\"2920\">Veri Sorumlusu Tan\u0131m\u0131<\/strong><\/td>\n<td data-start=\"2921\" data-end=\"2989\" data-col-size=\"md\">Veri i\u015fleme ama\u00e7 ve ara\u00e7lar\u0131n\u0131 belirleyen ger\u00e7ek veya t\u00fczel ki\u015fi.<\/td>\n<td data-start=\"2989\" data-end=\"3015\" data-col-size=\"lg\">Ayn\u0131 tan\u0131m ge\u00e7erlidir.<\/td>\n<\/tr>\n<tr data-start=\"3016\" data-end=\"3209\">\n<td data-start=\"3016\" data-end=\"3049\" data-col-size=\"sm\"><strong data-start=\"3018\" data-end=\"3048\">Veri \u0130\u015fleyenin Sorumlulu\u011fu<\/strong><\/td>\n<td data-start=\"3049\" data-end=\"3123\" data-col-size=\"md\">Veri i\u015fleyenler de do\u011frudan y\u00fck\u00fcml\u00fcd\u00fcr; ihlallerde sorumlu tutulabilir.<\/td>\n<td data-start=\"3123\" data-end=\"3209\" data-col-size=\"lg\">Veri i\u015fleyenin y\u00fck\u00fcml\u00fcl\u00fc\u011f\u00fc daha s\u0131n\u0131rl\u0131d\u0131r, temel sorumluluk veri sorumlusundad\u0131r.<\/td>\n<\/tr>\n<tr data-start=\"3210\" data-end=\"3393\">\n<td data-start=\"3210\" data-end=\"3226\" data-col-size=\"sm\"><strong data-start=\"3212\" data-end=\"3225\">A\u00e7\u0131k R\u0131za<\/strong><\/td>\n<td data-start=\"3226\" data-end=\"3305\" data-col-size=\"md\">A\u00e7\u0131k ve \u00f6zg\u00fcr irade ile verilmi\u015f olmal\u0131d\u0131r; her ama\u00e7 i\u00e7in ayr\u0131 r\u0131za gerekir.<\/td>\n<td data-start=\"3305\" data-end=\"3393\" data-col-size=\"lg\">Benzer \u015fekilde a\u00e7\u0131k r\u0131za \u015fartt\u0131r, ancak baz\u0131 istisnalar GDPR kadar detayl\u0131 de\u011fildir.<\/td>\n<\/tr>\n<tr data-start=\"3394\" data-end=\"3621\">\n<td data-start=\"3394\" data-end=\"3423\" data-col-size=\"sm\"><strong data-start=\"3396\" data-end=\"3422\">Veri Sahibinin Haklar\u0131<\/strong><\/td>\n<td data-start=\"3423\" data-end=\"3513\" data-col-size=\"md\">Eri\u015fim, d\u00fczeltme, silme (\u201cunutulma hakk\u0131\u201d), ta\u015f\u0131nabilirlik, i\u015flemeyi k\u0131s\u0131tlama, itiraz.<\/td>\n<td data-start=\"3513\" data-end=\"3621\" data-col-size=\"lg\">Eri\u015fim, d\u00fczeltme, silme, itiraz gibi haklar vard\u0131r; \u201cveri ta\u015f\u0131nabilirli\u011fi\u201d net \u015fekilde d\u00fczenlenmemi\u015ftir.<\/td>\n<\/tr>\n<tr data-start=\"3622\" data-end=\"3813\">\n<td data-start=\"3622\" data-end=\"3644\" data-col-size=\"sm\"><strong data-start=\"3624\" data-end=\"3643\">\u0130hlal Bildirimi<\/strong><\/td>\n<td data-start=\"3644\" data-end=\"3727\" data-col-size=\"md\">Veri ihlali 72 saat i\u00e7inde yetkili otoriteye ve ilgili ki\u015filere bildirilmelidir.<\/td>\n<td data-start=\"3727\" data-end=\"3813\" data-col-size=\"lg\">Bildirim s\u00fcresi KVKK\u2019da net tan\u0131mlanmam\u0131\u015ft\u0131r, \u201cen k\u0131sa s\u00fcrede\u201d ifadesi kullan\u0131l\u0131r.<\/td>\n<\/tr>\n<tr data-start=\"3814\" data-end=\"3974\">\n<td data-start=\"3814\" data-end=\"3834\" data-col-size=\"sm\"><strong data-start=\"3816\" data-end=\"3833\">Para Cezalar\u0131<\/strong><\/td>\n<td data-start=\"3834\" data-end=\"3911\" data-col-size=\"md\">Y\u0131ll\u0131k global cironun %4\u2019\u00fcne veya 20 milyon \u20ac\u2019ya kadar ceza uygulanabilir.<\/td>\n<td data-start=\"3911\" data-end=\"3974\" data-col-size=\"lg\">\u0130dari para cezas\u0131 maksimum birka\u00e7 milyon TL seviyesindedir.<\/td>\n<\/tr>\n<tr data-start=\"3975\" data-end=\"4111\">\n<td data-start=\"3975\" data-end=\"4009\" data-col-size=\"sm\"><strong data-start=\"3977\" data-end=\"4008\">Veri Koruma G\u00f6revlisi (DPO)<\/strong><\/td>\n<td data-start=\"4009\" data-end=\"4076\" data-col-size=\"md\">Belirli kriterleri sa\u011flayan kurumlar i\u00e7in DPO atamak zorunludur.<\/td>\n<td data-start=\"4076\" data-end=\"4111\" data-col-size=\"lg\">KVKK\u2019da DPO zorunlulu\u011fu yoktur.<\/td>\n<\/tr>\n<tr data-start=\"4112\" data-end=\"4352\">\n<td data-start=\"4112\" data-end=\"4145\" data-col-size=\"sm\"><strong data-start=\"4114\" data-end=\"4144\">\u00c7apraz S\u0131n\u0131r Veri Aktar\u0131m\u0131<\/strong><\/td>\n<td data-start=\"4145\" data-end=\"4224\" data-col-size=\"md\">AB d\u0131\u015f\u0131na veri aktar\u0131m\u0131 i\u00e7in yeterli koruma \u015fart\u0131 veya ek tedbirler gerekir.<\/td>\n<td data-start=\"4224\" data-end=\"4352\" data-col-size=\"lg\">Yurt d\u0131\u015f\u0131na veri aktar\u0131m\u0131 i\u00e7in KVKK Kurulu\u2019nun belirledi\u011fi kriterlere uygunluk gerekir; s\u00fcre\u00e7 daha kat\u0131d\u0131r ve izne ba\u011fl\u0131d\u0131r.<\/p>\n<p>&nbsp;<\/td>\n<\/tr>\n<\/tbody>\n<\/table>\n<\/div>\n<\/div>\n<h2 data-start=\"4359\" data-end=\"4374\">GPDR ve KVKK Benzerlikleri<\/h2>\n<ul data-start=\"4376\" data-end=\"4917\">\n<li data-start=\"4376\" data-end=\"4552\">\n<p data-start=\"4378\" data-end=\"4552\"><strong data-start=\"4378\" data-end=\"4423\">Ki\u015fisel verilerin korunmas\u0131 ve \u015feffafl\u0131k:<\/strong> Her iki d\u00fczenleme de veri sorumlular\u0131na, hangi verilerin i\u015flendi\u011fini ve neden i\u015flendi\u011fini a\u00e7\u0131k\u00e7a bildirme y\u00fck\u00fcml\u00fcl\u00fc\u011f\u00fc getirir.<\/p>\n<\/li>\n<li data-start=\"4553\" data-end=\"4674\">\n<p data-start=\"4555\" data-end=\"4674\"><strong data-start=\"4555\" data-end=\"4582\">Veri sahibinin haklar\u0131:<\/strong> Hem GDPR hem KVKK, bireylere verileri \u00fczerinde eri\u015fim, d\u00fczeltme, silme gibi haklar tan\u0131r.<\/p>\n<\/li>\n<li data-start=\"4675\" data-end=\"4795\">\n<p data-start=\"4677\" data-end=\"4795\"><strong data-start=\"4677\" data-end=\"4700\">A\u00e7\u0131k r\u0131za prensibi:<\/strong> Her iki kanunda da ki\u015fisel verilerin i\u015flenmesi i\u00e7in \u00e7o\u011fu durumda a\u00e7\u0131k r\u0131za al\u0131nmas\u0131 gerekir.<\/p>\n<\/li>\n<li data-start=\"4796\" data-end=\"4917\">\n<p data-start=\"4798\" data-end=\"4917\"><strong data-start=\"4798\" data-end=\"4829\">Veri g\u00fcvenli\u011fi sorumlulu\u011fu:<\/strong> Kurumlar\u0131n teknik ve idari tedbirler alarak veri ihlallerini \u00f6nleme y\u00fck\u00fcml\u00fcl\u00fc\u011f\u00fc vard\u0131r.<\/p>\n<\/li>\n<\/ul>\n<h2 data-start=\"4359\" data-end=\"4374\">GPDR ve KVKK\u00a0Farkl\u0131l\u0131klar\u0131<\/h2>\n<ul data-start=\"4941\" data-end=\"5578\">\n<li data-start=\"4941\" data-end=\"5097\">\n<p data-start=\"4943\" data-end=\"5097\"><strong data-start=\"4943\" data-end=\"4963\">Ceza miktarlar\u0131:<\/strong> GDPR\u2019\u0131n para cezalar\u0131 \u00e7ok daha a\u011f\u0131rd\u0131r ve uluslararas\u0131 \u015firketler i\u00e7in b\u00fcy\u00fck risk olu\u015fturur. KVKK\u2019da cezalar daha d\u00fc\u015f\u00fck seviyededir.<\/p>\n<\/li>\n<li data-start=\"5098\" data-end=\"5229\">\n<p data-start=\"5100\" data-end=\"5229\"><strong data-start=\"5100\" data-end=\"5131\">Veri i\u015fleyenin y\u00fck\u00fcml\u00fcl\u00fc\u011f\u00fc:<\/strong> GDPR, veri i\u015fleyeni de do\u011frudan sorumlu tutarken KVKK\u2019da veri i\u015fleyenin sorumlulu\u011fu s\u0131n\u0131rl\u0131d\u0131r.<\/p>\n<\/li>\n<li data-start=\"5230\" data-end=\"5336\">\n<p data-start=\"5232\" data-end=\"5336\"><strong data-start=\"5232\" data-end=\"5252\">DPO zorunlulu\u011fu:<\/strong> GDPR\u2019da veri koruma g\u00f6revlisi atanmas\u0131 zorunludur; KVKK\u2019da b\u00f6yle bir \u015fart yoktur.<\/p>\n<\/li>\n<li data-start=\"5337\" data-end=\"5480\">\n<p data-start=\"5339\" data-end=\"5480\"><strong data-start=\"5339\" data-end=\"5364\">Veri ta\u015f\u0131nabilirli\u011fi:<\/strong> GDPR, verinin bir sistemden ba\u015fka bir sisteme ta\u015f\u0131nmas\u0131n\u0131 a\u00e7\u0131k\u00e7a d\u00fczenlerken KVKK\u2019da bu hak net tan\u0131mlanmam\u0131\u015ft\u0131r.<\/p>\n<\/li>\n<li data-start=\"5481\" data-end=\"5578\">\n<p data-start=\"5483\" data-end=\"5578\"><strong data-start=\"5483\" data-end=\"5509\">\u0130hlal bildirim s\u00fcresi:<\/strong> GDPR\u2019da 72 saat s\u0131n\u0131r\u0131 vard\u0131r, KVKK\u2019da ise net bir s\u00fcre belirtilmez.<\/p>\n<\/li>\n<\/ul>\n<h2>KVKK Dan\u0131\u015fmanl\u0131\u011f\u0131<\/h2>\n<p>Ki\u015fisel verileri tutmas\u0131 gereken i\u015fletmeler a\u00e7\u0131s\u0131ndan bu verilerin do\u011fru, yasal y\u00fck\u00fcml\u00fcl\u00fcklere uygun ve g\u00fcvenli bi\u00e7imde tutulabiliyor olmas\u0131 bir se\u00e7enek de\u011fil, zorunluluktur. Bu durumu ciddiye almayan ki\u015fi\/kurumlar\u0131 <a href=\"https:\/\/senadurulaw.com\/kvkk-cezalari-nedir\/\">KVKK cezalar\u0131<\/a> bekliyor olacakt\u0131r.<\/p>\n<p><a href=\"https:\/\/senadurulaw.com\/kvkk-danismanligi\/\">\u00a0KVKK dan\u0131\u015fmanl\u0131\u011f\u0131<\/a> ve merak etti\u011finiz sorular i\u00e7in bizimle ileti\u015fime ge\u00e7ebilirsiniz.<\/p>","protected":false},"excerpt":{"rendered":"<p>Ki\u015fisel Verilerin Korunmas\u0131 Kanunu ile GPDR ayn\u0131 san\u0131lsa dahi arada belli farkl\u0131l\u0131klar vard\u0131r. Bu y\u00fczden aradaki farklar\u0131 anlamak ad\u0131na GPDR KVKK Kar\u015f\u0131la\u015ft\u0131rmas\u0131 [&hellip;]<\/p>","protected":false},"author":1,"featured_media":0,"comment_status":"open","ping_status":"open","sticky":false,"template":"","format":"standard","meta":{"footnotes":""},"categories":[1],"tags":[],"class_list":["post-688","post","type-post","status-publish","format-standard","hentry","category-makaleler"],"_links":{"self":[{"href":"https:\/\/senadurulaw.com\/en\/wp-json\/wp\/v2\/posts\/688","targetHints":{"allow":["GET"]}}],"collection":[{"href":"https:\/\/senadurulaw.com\/en\/wp-json\/wp\/v2\/posts"}],"about":[{"href":"https:\/\/senadurulaw.com\/en\/wp-json\/wp\/v2\/types\/post"}],"author":[{"embeddable":true,"href":"https:\/\/senadurulaw.com\/en\/wp-json\/wp\/v2\/users\/1"}],"replies":[{"embeddable":true,"href":"https:\/\/senadurulaw.com\/en\/wp-json\/wp\/v2\/comments?post=688"}],"version-history":[{"count":2,"href":"https:\/\/senadurulaw.com\/en\/wp-json\/wp\/v2\/posts\/688\/revisions"}],"predecessor-version":[{"id":690,"href":"https:\/\/senadurulaw.com\/en\/wp-json\/wp\/v2\/posts\/688\/revisions\/690"}],"wp:attachment":[{"href":"https:\/\/senadurulaw.com\/en\/wp-json\/wp\/v2\/media?parent=688"}],"wp:term":[{"taxonomy":"category","embeddable":true,"href":"https:\/\/senadurulaw.com\/en\/wp-json\/wp\/v2\/categories?post=688"},{"taxonomy":"post_tag","embeddable":true,"href":"https:\/\/senadurulaw.com\/en\/wp-json\/wp\/v2\/tags?post=688"}],"curies":[{"name":"wp","href":"https:\/\/api.w.org\/{rel}","templated":true}]}}